{"id":12172,"date":"2025-06-30T23:38:09","date_gmt":"2025-06-30T21:38:09","guid":{"rendered":"https:\/\/armcdh.ma\/la-bibliotheque-nationale-du-royaume-accueille-la-13eme-edition-de-la-nuit-blanche-du-cinema-et-des-droits-de-lhomme-le-4-juillet-2025-a-rabat\/"},"modified":"2025-06-30T23:49:00","modified_gmt":"2025-06-30T21:49:00","slug":"la-bibliotheque-nationale-du-royaume-accueille-la-13eme-edition-de-la-nuit-blanche-du-cinema-et-des-droits-de-lhomme-le-4-juillet-2025-a-rabat","status":"publish","type":"post","link":"https:\/\/armcdh.ma\/ar\/la-bibliotheque-nationale-du-royaume-accueille-la-13eme-edition-de-la-nuit-blanche-du-cinema-et-des-droits-de-lhomme-le-4-juillet-2025-a-rabat\/","title":{"rendered":"La biblioth\u00e8que nationale du Royaume accueille la 13\u00e8me \u00e9dition de la nuit blanche du cin\u00e9ma et des droits de l\u2019Homme Le  4 juillet 2025 \u00e0 Rabat"},"content":{"rendered":"<p>[vc_row][vc_column][vc_column_text]<\/p>\n<p style=\"text-align: center;\"><strong>\u0628\u0644\u0627\u063a \u0635\u062d\u0641\u064a<\/strong><\/p>\n<p style=\"text-align: center;\"><strong>\u0627\u0644\u0645\u0648\u0627\u0637\u0646\u0629 \u0641\u064a \u0642\u0644\u0628 \u0627\u0644\u062f\u0648\u0631\u0629 13 \u0645\u0646 &#8220;\u0627\u0644\u0644\u064a\u0644\u0629 \u0627\u0644\u0628\u064a\u0636\u0627\u0621 \u0644\u0644\u0633\u064a\u0646\u0645\u0627 \u0648\u062d\u0642\u0648\u0642 \u0627\u0644\u0625\u0646\u0633\u0627\u0646&#8221;<\/strong><\/p>\n<p style=\"text-align: center;\"><strong>\u0627\u0644\u062c\u0645\u0639\u0629 4 \u064a\u0648\u0644\u064a\u0648\u0632 2025 \u0628\u0627\u0644\u0645\u0643\u062a\u0628\u0629 \u0627\u0644\u0648\u0637\u0646\u064a\u0629 \u0644\u0644\u0645\u0645\u0644\u0643\u0629 \u0628\u0627\u0644\u0631\u0628\u0627\u0637<\/strong><\/p>\n<p style=\"text-align: right;\">\u062a\u0646\u0638\u0645 \u062c\u0645\u0639\u064a\u0629 \u0627\u0644\u0644\u0642\u0627\u0621\u0627\u062a \u0627\u0644\u0645\u062a\u0648\u0633\u0637\u064a\u0629 \u0644\u0644\u0633\u064a\u0646\u0645\u0627 \u0648\u062d\u0642\u0648\u0642 \u0627\u0644\u0625\u0646\u0633\u0627\u0646 (ARMCDH)\u060c \u064a\u0648\u0645 \u0627\u0644\u062c\u0645\u0639\u0629 4 \u064a\u0648\u0644\u064a\u0648\u0632 2025 \u0628\u0645\u062f\u064a\u0646\u0629 \u0627\u0644\u0631\u0628\u0627\u0637\u060c \u0627\u0644\u062f\u0648\u0631\u0629 \u0627\u0644\u062b\u0627\u0644\u062b\u0629 \u0639\u0634\u0631\u0629 \u0645\u0646 \u062a\u0638\u0627\u0647\u0631\u062a\u0647\u0627 \u0627\u0644\u0633\u0646\u0648\u064a\u0629 &#8220;\u0627\u0644\u0644\u064a\u0644\u0629 \u0627\u0644\u0628\u064a\u0636\u0627\u0621 \u0644\u0644\u0633\u064a\u0646\u0645\u0627 \u0648\u062d\u0642\u0648\u0642 \u0627\u0644\u0625\u0646\u0633\u0627\u0646&#8221;\u060c \u0648\u0647\u064a \u062a\u0638\u0627\u0647\u0631\u0629 \u062b\u0642\u0627\u0641\u064a\u0629 \u0641\u0631\u064a\u062f\u0629 \u0645\u0646 \u0646\u0648\u0639\u0647\u0627\u060c \u062a\u062c\u0645\u0639 \u0628\u064a\u0646 \u0627\u0644\u0641\u0643\u0631 \u0648\u0627\u0644\u0625\u0628\u062f\u0627\u0639 \u0645\u0646 \u062e\u0644\u0627\u0644 \u0646\u0642\u0627\u0634\u0627\u062a \u0645\u0641\u062a\u0648\u062d\u0629 \u062d\u0648\u0644 \u062d\u0642\u0648\u0642 \u0627\u0644\u0625\u0646\u0633\u0627\u0646 \u0648\u0639\u0631\u0648\u0636 \u0633\u064a\u0646\u0645\u0627\u0626\u064a\u0629 \u0641\u064a \u0627\u0644\u0647\u0648\u0627\u0621 \u0627\u0644\u0637\u0644\u0642.<\/p>\n<p style=\"text-align: right;\">\u062a\u062a\u0645\u062d\u0648\u0631 \u0647\u0630\u0647 \u0627\u0644\u062f\u0648\u0631\u0629 \u062d\u0648\u0644 \u0645\u0648\u0636\u0648\u0639 \u0627\u0644\u0645\u0648\u0627\u0637\u064e\u0646\u0629\u060c \u0627\u0644\u0645\u0648\u0627\u0637\u064e\u0646\u0629 \u0627\u0644\u0641\u0627\u0639\u0650\u0644\u0629 \u0628\u0627\u0639\u062a\u0628\u0627\u0631\u0647\u0627 \u0645\u0645\u0627\u0631\u0633\u0629 \u0645\u062f\u0646\u064a\u0629 \u0646\u0634\u064a\u0637\u0629\u060c \u064a\u062a\u0642\u0627\u0633\u0645 \u0645\u0633\u0624\u0648\u0644\u064a\u062a\u0647\u0627 \u0627\u0644\u0623\u0641\u0631\u0627\u062f \u0648\u0627\u0644\u0645\u0624\u0633\u0633\u0627\u062a \u0639\u0644\u0649 \u062d\u062f\u00a0\u0633\u0648\u0627\u0621 \u0641\u064a \u0633\u0628\u064a\u0644 \u0628\u0646\u0627\u0621 \u0645\u062c\u062a\u0645\u0639 \u064a\u0631\u062a\u0643\u0632 \u0639\u0644\u0649 \u0627\u0644\u0639\u062f\u0627\u0644\u0629\u060c \u0648\u0627\u0644\u0643\u0631\u0627\u0645\u0629\u060c \u0648\u0627\u0644\u062d\u0642\u0648\u0642 \u0627\u0644\u0645\u0634\u0631\u0648\u0639\u0629\u060c \u0641\u0631\u062f\u064a\u0629 \u0643\u0627\u0646\u062a \u0623\u0648 \u062c\u0645\u0627\u0639\u064a\u0629.<\/p>\n<p style=\"text-align: right;\">\u0648\u0633\u062a\u062a\u0646\u0627\u0648\u0644 \u0647\u0630\u0647 \u0627\u0644\u0646\u062f\u0648\u0629 \u0645\u062d\u0627\u0648\u0631 \u0645\u062a\u0639\u062f\u062f\u0629\u060c \u0645\u0646\u0647\u0627 \u062d\u0635\u064a\u0644\u0629 \u0627\u0644\u062c\u0647\u0648\u062f \u0627\u0644\u0645\u0624\u0633\u0633\u0627\u062a\u064a\u0629 \u0648\u0627\u0644\u0645\u062f\u0646\u064a\u0629 \u0645\u0646\u0630 \u0625\u062d\u062f\u0627\u062b \u0647\u064a\u0626\u0629 \u0627\u0644\u0625\u0646\u0635\u0627\u0641 \u0648\u0627\u0644\u0645\u0635\u0627\u0644\u062d\u0629 \u0642\u0628\u0644 \u0639\u0634\u0631\u064a\u0646 \u0633\u0646\u0629\u060c \u0648\u0627\u0644\u062f\u0633\u062a\u0648\u0631 \u0627\u0644\u062c\u062f\u064a\u062f \u0627\u0644\u0645\u0639\u062a\u0645\u062f \u0645\u0646\u0630 2011\u060c \u0628\u0627\u0644\u0625\u0636\u0627\u0641\u0629 \u0625\u0644\u0649 \u0627\u0644\u062a\u062d\u062f\u064a\u0627\u062a \u0627\u0644\u062a\u064a \u062a\u0641\u0631\u0636\u0647\u0627 \u0648\u0633\u0627\u0626\u0644 \u0627\u0644\u062a\u0648\u0627\u0635\u0644 \u0627\u0644\u0627\u062c\u062a\u0645\u0627\u0639\u064a \u0641\u064a \u0625\u0639\u0627\u062f\u0629 \u062a\u0634\u0643\u064a\u0644 \u0627\u0644\u0646\u0642\u0627\u0634 \u0627\u0644\u0639\u0645\u0648\u0645\u064a \u0648\u062a\u0639\u0632\u064a\u0632 \u0645\u0641\u0647\u0648\u0645 \u0627\u0644\u0645\u0648\u0627\u0637\u0646\u0629 \u0627\u0644\u0643\u0648\u0646\u064a\u0629.<\/p>\n<p style=\"text-align: right;\">\u0648\u0633\u064a\u0646\u0627\u0642\u0634 \u0627\u0644\u0645\u0648\u0636\u0648\u0639 \u062b\u0644\u0629 \u0645\u0646 \u0627\u0644\u0641\u0627\u0639\u0644\u064a\u0646 \u0627\u0644\u0628\u0627\u0631\u0632\u064a\u0646 \u0645\u0646 \u0627\u0644\u0645\u0624\u0633\u0633\u0627\u062a \u0627\u0644\u0648\u0637\u0646\u064a\u0629\u060c \u0648\u0627\u0644\u0639\u0627\u0644\u0645 \u0627\u0644\u0623\u0643\u0627\u062f\u064a\u0645\u064a\u060c \u0648\u0627\u0644\u0645\u062c\u062a\u0645\u0639 \u0627\u0644\u0645\u062f\u0646\u064a\u060c \u0645\u0646 \u0628\u064a\u0646\u0647\u0645: \u0625\u062f\u0631\u064a\u0633 \u0627\u0644\u064a\u0632\u0645\u064a\u060c \u0631\u0626\u064a\u0633 \u0645\u062c\u0644\u0633 \u0627\u0644\u062c\u0627\u0644\u064a\u0629 \u0627\u0644\u0645\u063a\u0631\u0628\u064a\u0629 \u0628\u0627\u0644\u062e\u0627\u0631\u062c\u061b \u0639\u0628\u062f \u0627\u0644\u0631\u0632\u0627\u0642 \u0627\u0644\u062d\u0646\u0648\u0634\u064a\u060c \u062e\u0628\u064a\u0631 \u0648\u0641\u0627\u0639\u0644 \u062c\u0645\u0639\u0648\u064a\u061b \u0644\u064a\u0644\u0649 \u0627\u0644\u0631\u062d\u064a\u0648\u064a\u060c \u062e\u0628\u064a\u0631\u0629 \u0641\u064a \u062d\u0642\u0648\u0642 \u0627\u0644\u0645\u0631\u0623\u0629 \u0648\u0641\u0627\u0639\u0644\u0629 \u062c\u0645\u0639\u0648\u064a\u0629\u061b \u0641\u0624\u0627\u062f \u0634\u0641\u064a\u0642\u064a\u060c \u0645\u0641\u062a\u0634 \u0627\u0644\u0639\u0627\u0645 \u0628\u0648\u0632\u0627\u0631\u0629 \u0627\u0644\u062a\u0631\u0628\u064a\u0629 \u0627\u0644\u0648\u0637\u0646\u064a\u0629 \u0648\u0627\u0644\u062a\u0639\u0644\u064a\u0645 \u0627\u0644\u0623\u0648\u0644\u064a \u0648\u0627\u0644\u0631\u064a\u0627\u0636\u0629\u061b \u0648\u064a\u0648\u0633\u0641 \u0644\u0639\u0631\u062c\u060c \u062e\u0628\u064a\u0631 \u0648\u0641\u0627\u0639\u0644 \u062c\u0645\u0639\u0648\u064a.<\/p>\n<p style=\"text-align: right;\">\u0648\u0633\u062a\u062f\u064a\u0631 \u0627\u0644\u0646\u0642\u0627\u0634 \u0627\u0644\u0623\u0633\u062a\u0627\u0630\u0629 \u062e\u062f\u064a\u062c\u0629 \u0628\u0631\u0627\u062f\u064a\u060c \u0639\u0627\u0644\u0645\u0629 \u0627\u062c\u062a\u0645\u0627\u0639 \u0648\u0623\u0633\u062a\u0627\u0630\u0629 \u0628\u062c\u0627\u0645\u0639\u0629 \u0627\u0628\u0646 \u0637\u0641\u064a\u0644 \u0628\u0627\u0644\u0642\u0646\u064a\u0637\u0631\u0629.<\/p>\n<p style=\"text-align: right;\">\u0648\u0633\u062a\u0646\u0637\u0644\u0642 \u0627\u0644\u0633\u0647\u0631\u0629 \u0627\u0644\u0633\u064a\u0646\u0645\u0627\u0626\u064a\u0629 \u0641\u064a \u0627\u0644\u0647\u0648\u0627\u0621 \u0627\u0644\u0637\u0644\u0642 \u0639\u0644\u0649 \u0627\u0644\u0633\u0627\u0639\u0629 \u0627\u0644\u062b\u0627\u0645\u0646\u0629 \u0648\u0627\u0644\u0646\u0635\u0641 \u0645\u0633\u0627\u0621\u060c \u0628\u0628\u0627\u062d\u0629 \u0627\u0644\u0645\u0643\u062a\u0628\u0629 \u0627\u0644\u0648\u0637\u0646\u064a\u0629 \u0644\u0644\u0645\u0645\u0644\u0643\u0629 \u0627\u0644\u0645\u063a\u0631\u0628\u064a\u0629\u060c \u0644\u062a\u062a\u0648\u0627\u0635\u0644 \u0625\u0644\u0649 \u063a\u0627\u064a\u0629 \u0627\u0644\u0641\u062c\u0631.<\/p>\n<p style=\"text-align: right;\">\u0648\u064a\u0636\u0645 \u0627\u0644\u0628\u0631\u0646\u0627\u0645\u062c \u062a\u0633\u0639\u0629 \u0623\u0641\u0644\u0627\u0645 \u062a\u0645\u062b\u0644 \u062b\u0645\u0627\u0646\u064a\u0629 \u0628\u0644\u062f\u0627\u0646 (\u0627\u0644\u0645\u063a\u0631\u0628\u060c \u0641\u0644\u0633\u0637\u064a\u0646\u060c \u0644\u0628\u0646\u0627\u0646\u060c \u0641\u0631\u0646\u0633\u0627\u060c \u0625\u0633\u0628\u0627\u0646\u064a\u0627\u060c \u0628\u0631\u064a\u0637\u0627\u0646\u064a\u0627\u060c \u0627\u0644\u0628\u064a\u0631\u0648)\u060c \u0628\u064a\u0646 \u0623\u0641\u0644\u0627\u0645 \u0642\u0635\u064a\u0631\u0629 \u0648\u0637\u0648\u064a\u0644\u0629\u060c \u0648\u062b\u0627\u0626\u0642\u064a\u0629 \u0648\u0631\u0648\u0627\u0626\u064a\u0629\u060c \u062a\u0633\u0631\u062f \u0642\u0635\u0635\u064b\u0627 \u0645\u0644\u0647\u0645\u0629 \u0639\u0646 \u0627\u0644\u0635\u0645\u0648\u062f \u0641\u064a \u0648\u062c\u0647 \u0627\u0644\u0638\u0644\u0645 \u0627\u0644\u0627\u062c\u062a\u0645\u0627\u0639\u064a \u0648\u0627\u0644\u0633\u064a\u0627\u0633\u064a \u0648\u0627\u0644\u0642\u0627\u0646\u0648\u0646\u064a\u060c \u0648\u062a\u0633\u0644\u0637 \u0627\u0644\u0636\u0648\u0621 \u0639\u0644\u0649 \u0646\u0636\u0627\u0644\u0627\u062a \u0641\u0631\u062f\u064a\u0629 \u0648\u062c\u0645\u0627\u0639\u064a\u0629 \u0645\u0646 \u0623\u062c\u0644 \u0627\u0644\u0647\u0648\u064a\u0629 \u0648\u0627\u0644\u0630\u0627\u0643\u0631\u0629 \u0648\u0627\u0644\u0643\u0631\u0627\u0645\u0629 \u0648\u0627\u0644\u062d\u0642\u0648\u0642 \u0627\u0644\u0623\u0633\u0627\u0633\u064a\u0629.<\/p>\n<p style=\"text-align: right;\">\u0648\u062a\u0646\u0638\u0645 &#8220;\u0627\u0644\u0644\u064a\u0644\u0629 \u0627\u0644\u0628\u064a\u0636\u0627\u0621 \u0644\u0644\u0633\u064a\u0646\u0645\u0627 \u0648\u0627\u0644\u0645\u0648\u0627\u0637\u0646\u0629&#8221; \u0628\u0634\u0631\u0627\u0643\u0629 \u0645\u0639 \u0645\u0624\u0633\u0633\u0629 \u0647\u0627\u064a\u0646\u0631\u064a\u0634 \u0628\u0648\u0644 \u2013 \u0645\u0643\u062a\u0628 \u0627\u0644\u0631\u0628\u0627\u0637\u060c \u0648\u0647\u064a\u0626\u0629 \u0627\u0644\u0623\u0645\u0645 \u0627\u0644\u0645\u062a\u062d\u062f\u0629 \u0644\u0644\u0645\u0631\u0623\u0629 \u2013 \u0627\u0644\u0645\u063a\u0631\u0628\u060c \u0648\u0627\u0644\u0645\u0639\u0647\u062f \u0627\u0644\u0641\u0631\u0646\u0633\u064a \u0628\u0627\u0644\u0631\u0628\u0627\u0637\u060c \u0648\u0627\u0644\u0645\u0643\u062a\u0628\u0629 \u0627\u0644\u0648\u0637\u0646\u064a\u0629 \u0644\u0644\u0645\u0645\u0644\u0643\u0629 \u0627\u0644\u0645\u063a\u0631\u0628\u064a\u0629\u060c \u0648\u0627\u0644\u0645\u0631\u0643\u0632 \u0627\u0644\u0633\u064a\u0646\u0645\u0627\u0626\u064a \u0627\u0644\u0645\u063a\u0631\u0628\u064a\u060c \u0648\u0643\u0644\u064a\u0629 \u0627\u0644\u0622\u062f\u0627\u0628 \u0648\u0627\u0644\u0639\u0644\u0648\u0645 \u0627\u0644\u0625\u0646\u0633\u0627\u0646\u064a\u0629 \u0628\u062c\u0627\u0645\u0639\u0629 \u0645\u062d\u0645\u062f \u0627\u0644\u062e\u0627\u0645\u0633\u060c \u0648\u0633\u0641\u0627\u0631\u0629 \u0625\u0633\u0628\u0627\u0646\u064a\u0627 \u0628\u0627\u0644\u0645\u063a\u0631\u0628\u060c \u0648\u0627\u0644\u0634\u0628\u0643\u0629 \u0627\u0644\u0639\u0631\u0628\u064a\u0629 \u0644\u0623\u0641\u0644\u0627\u0645 \u062d\u0642\u0648\u0642 \u0627\u0644\u0625\u0646\u0633\u0627\u0646\u060c \u0648\u0645\u0647\u0631\u062c\u0627\u0646 \u0643\u0631\u0627\u0645\u0629 \u0628\u0627\u0644\u0623\u0631\u062f\u0646.<\/p>\n<p style=\"text-align: right;\">\u0648\u064a\u062d\u0638\u0649 \u0627\u0644\u062d\u062f\u062b \u0628\u062f\u0639\u0645 \u0625\u0639\u0644\u0627\u0645\u064a \u0645\u0646 \u0647\u064a\u062a \u0631\u0627\u062f\u064a\u0648\u060c \u0645\u062c\u0645\u0648\u0639\u0629 \u0625\u064a\u0643\u0648 \u0645\u064a\u062f\u064a\u0627\u060c \u0645\u062c\u0644\u062a\u064a &#8220;\u062a\u064a\u0644 \u0643\u064a\u0644&#8221; \u0648&#8221;\u0623\u0643\u062a\u0648\u064a\u0644&#8221;\u060c \u0641\u0636\u0644\u0627\u064b \u0639\u0646 \u0627\u0644\u062f\u0639\u0645 \u0627\u0644\u0644\u0648\u062c\u064a\u0633\u062a\u064a\u0643\u064a \u0644\u062c\u0645\u0639\u064a\u0629 \u0647\u062f\u0641 \u0648\u0645\u0637\u0639\u0645 \u0627\u0644\u0632\u0639\u0641\u0631\u0627\u0646 \u0627\u0644\u062a\u0627\u0628\u0639 \u0644\u0645\u062f\u0631\u0633\u0629 \u0627\u0644\u0628\u0633\u062a\u0646\u0629 \u0628\u0633\u0644\u0627.<\/p>\n<p>[\/vc_column_text][\/vc_column][\/vc_row][vc_row][vc_column][vc_empty_space]<a href=\"https:\/\/armcdh.ma\/wp-content\/uploads\/2021\/01\/202507-NB-citoyennete-CP-ar-\u0628\u0644\u0627\u063a-\u0635\u062d\u0641\u064a.pdf\" target=\"_self\"  class=\"edgtf-btn edgtf-btn-medium edgtf-btn-solid\"  >\n            <span class=\"edgtf-btn-text\">T\u00e9l\u00e9charger le communiqu\u00e9 de presse<\/span>\n            <\/a>[\/vc_column][\/vc_row]<\/p>\n","protected":false},"excerpt":{"rendered":"<p>[vc_row][vc_column][vc_column_text] \u0628\u0644\u0627\u063a \u0635\u062d\u0641\u064a \u0627\u0644\u0645\u0648\u0627\u0637\u0646\u0629 \u0641\u064a \u0642\u0644\u0628 \u0627\u0644\u062f\u0648\u0631\u0629 13 \u0645\u0646 &#8220;\u0627\u0644\u0644\u064a\u0644\u0629 \u0627\u0644\u0628\u064a\u0636\u0627\u0621 \u0644\u0644\u0633\u064a\u0646\u0645\u0627 \u0648\u062d\u0642\u0648\u0642 \u0627\u0644\u0625\u0646\u0633\u0627\u0646&#8221; \u0627\u0644\u062c\u0645\u0639\u0629 4 \u064a\u0648\u0644\u064a\u0648\u0632 2025 \u0628\u0627\u0644\u0645\u0643\u062a\u0628\u0629 \u0627\u0644\u0648\u0637\u0646\u064a\u0629 \u0644\u0644\u0645\u0645\u0644\u0643\u0629 \u0628\u0627\u0644\u0631\u0628\u0627\u0637 \u062a\u0646\u0638\u0645 \u062c\u0645\u0639\u064a\u0629 \u0627\u0644\u0644\u0642\u0627\u0621\u0627\u062a \u0627\u0644\u0645\u062a\u0648\u0633\u0637\u064a\u0629 \u0644\u0644\u0633\u064a\u0646\u0645\u0627 \u0648\u062d\u0642\u0648\u0642 \u0627\u0644\u0625\u0646\u0633\u0627\u0646 (ARMCDH)\u060c \u064a\u0648\u0645 \u0627\u0644\u062c\u0645\u0639\u0629 4 \u064a\u0648\u0644\u064a\u0648\u0632 2025 \u0628\u0645\u062f\u064a\u0646\u0629 \u0627\u0644\u0631\u0628\u0627\u0637\u060c \u0627\u0644\u062f\u0648\u0631\u0629 \u0627\u0644\u062b\u0627\u0644\u062b\u0629 \u0639\u0634\u0631\u0629 \u0645\u0646 \u062a\u0638\u0627\u0647\u0631\u062a\u0647\u0627 \u0627\u0644\u0633\u0646\u0648\u064a\u0629 &#8220;\u0627\u0644\u0644\u064a\u0644\u0629 \u0627\u0644\u0628\u064a\u0636\u0627\u0621&#8230;<\/p>\n","protected":false},"author":2,"featured_media":12129,"comment_status":"closed","ping_status":"closed","sticky":false,"template":"","format":"standard","meta":{"_acf_changed":false,"footnotes":""},"categories":[193],"tags":[],"class_list":["post-12172","post","type-post","status-publish","format-standard","has-post-thumbnail","hentry","category-193"],"acf":[],"yoast_head":"<!-- This site is optimized with the Yoast SEO plugin v27.5 - https:\/\/yoast.com\/product\/yoast-seo-wordpress\/ -->\n<title>La biblioth\u00e8que nationale du Royaume accueille la 13\u00e8me \u00e9dition de la nuit blanche du cin\u00e9ma et des droits de l\u2019Homme Le 4 juillet 2025 \u00e0 Rabat - ARMCDH<\/title>\n<meta name=\"robots\" content=\"index, follow, max-snippet:-1, max-image-preview:large, max-video-preview:-1\" \/>\n<link rel=\"canonical\" href=\"https:\/\/armcdh.ma\/ar\/la-bibliotheque-nationale-du-royaume-accueille-la-13eme-edition-de-la-nuit-blanche-du-cinema-et-des-droits-de-lhomme-le-4-juillet-2025-a-rabat\/\" \/>\n<meta property=\"og:locale\" content=\"ar_AR\" \/>\n<meta property=\"og:type\" content=\"article\" \/>\n<meta property=\"og:title\" content=\"La biblioth\u00e8que nationale du Royaume accueille la 13\u00e8me \u00e9dition de la nuit blanche du cin\u00e9ma et des droits de l\u2019Homme Le 4 juillet 2025 \u00e0 Rabat - ARMCDH\" \/>\n<meta property=\"og:description\" content=\"[vc_row][vc_column][vc_column_text] \u0628\u0644\u0627\u063a \u0635\u062d\u0641\u064a \u0627\u0644\u0645\u0648\u0627\u0637\u0646\u0629 \u0641\u064a \u0642\u0644\u0628 \u0627\u0644\u062f\u0648\u0631\u0629 13 \u0645\u0646 &#8220;\u0627\u0644\u0644\u064a\u0644\u0629 \u0627\u0644\u0628\u064a\u0636\u0627\u0621 \u0644\u0644\u0633\u064a\u0646\u0645\u0627 \u0648\u062d\u0642\u0648\u0642 \u0627\u0644\u0625\u0646\u0633\u0627\u0646&#8221; \u0627\u0644\u062c\u0645\u0639\u0629 4 \u064a\u0648\u0644\u064a\u0648\u0632 2025 \u0628\u0627\u0644\u0645\u0643\u062a\u0628\u0629 \u0627\u0644\u0648\u0637\u0646\u064a\u0629 \u0644\u0644\u0645\u0645\u0644\u0643\u0629 \u0628\u0627\u0644\u0631\u0628\u0627\u0637 \u062a\u0646\u0638\u0645 \u062c\u0645\u0639\u064a\u0629 \u0627\u0644\u0644\u0642\u0627\u0621\u0627\u062a \u0627\u0644\u0645\u062a\u0648\u0633\u0637\u064a\u0629 \u0644\u0644\u0633\u064a\u0646\u0645\u0627 \u0648\u062d\u0642\u0648\u0642 \u0627\u0644\u0625\u0646\u0633\u0627\u0646 (ARMCDH)\u060c \u064a\u0648\u0645 \u0627\u0644\u062c\u0645\u0639\u0629 4 \u064a\u0648\u0644\u064a\u0648\u0632 2025 \u0628\u0645\u062f\u064a\u0646\u0629 \u0627\u0644\u0631\u0628\u0627\u0637\u060c \u0627\u0644\u062f\u0648\u0631\u0629 \u0627\u0644\u062b\u0627\u0644\u062b\u0629 \u0639\u0634\u0631\u0629 \u0645\u0646 \u062a\u0638\u0627\u0647\u0631\u062a\u0647\u0627 \u0627\u0644\u0633\u0646\u0648\u064a\u0629 &#8220;\u0627\u0644\u0644\u064a\u0644\u0629 \u0627\u0644\u0628\u064a\u0636\u0627\u0621...\" \/>\n<meta property=\"og:url\" content=\"https:\/\/armcdh.ma\/ar\/la-bibliotheque-nationale-du-royaume-accueille-la-13eme-edition-de-la-nuit-blanche-du-cinema-et-des-droits-de-lhomme-le-4-juillet-2025-a-rabat\/\" \/>\n<meta property=\"og:site_name\" content=\"ARMCDH\" \/>\n<meta property=\"article:published_time\" content=\"2025-06-30T21:38:09+00:00\" \/>\n<meta property=\"article:modified_time\" content=\"2025-06-30T21:49:00+00:00\" \/>\n<meta property=\"og:image\" content=\"https:\/\/armcdh.ma\/wp-content\/uploads\/2025\/06\/affiche-web.webp\" \/>\n\t<meta property=\"og:image:width\" content=\"590\" \/>\n\t<meta property=\"og:image:height\" content=\"841\" \/>\n\t<meta property=\"og:image:type\" content=\"image\/webp\" \/>\n<meta name=\"author\" content=\"wpmonitor\" \/>\n<meta name=\"twitter:card\" content=\"summary_large_image\" \/>\n<meta name=\"twitter:label1\" content=\"\u0643\u064f\u062a\u0628 \u0628\u0648\u0627\u0633\u0637\u0629\" \/>\n\t<meta name=\"twitter:data1\" content=\"wpmonitor\" \/>\n\t<meta name=\"twitter:label2\" content=\"\u0648\u0642\u062a \u0627\u0644\u0642\u0631\u0627\u0621\u0629 \u0627\u0644\u0645\u064f\u0642\u062f\u0651\u0631\" \/>\n\t<meta name=\"twitter:data2\" content=\"3 \u062f\u0642\u0627\u0626\u0642\" \/>\n<script type=\"application\/ld+json\" class=\"yoast-schema-graph\">{\"@context\":\"https:\\\/\\\/schema.org\",\"@graph\":[{\"@type\":\"Article\",\"@id\":\"https:\\\/\\\/armcdh.ma\\\/ar\\\/la-bibliotheque-nationale-du-royaume-accueille-la-13eme-edition-de-la-nuit-blanche-du-cinema-et-des-droits-de-lhomme-le-4-juillet-2025-a-rabat\\\/#article\",\"isPartOf\":{\"@id\":\"https:\\\/\\\/armcdh.ma\\\/ar\\\/la-bibliotheque-nationale-du-royaume-accueille-la-13eme-edition-de-la-nuit-blanche-du-cinema-et-des-droits-de-lhomme-le-4-juillet-2025-a-rabat\\\/\"},\"author\":{\"name\":\"wpmonitor\",\"@id\":\"https:\\\/\\\/armcdh.ma\\\/ar\\\/#\\\/schema\\\/person\\\/3a9a3070e671255bd76f1a6a403931c0\"},\"headline\":\"La biblioth\u00e8que nationale du Royaume accueille la 13\u00e8me \u00e9dition de la nuit blanche du cin\u00e9ma et des droits de l\u2019Homme Le 4 juillet 2025 \u00e0 Rabat\",\"datePublished\":\"2025-06-30T21:38:09+00:00\",\"dateModified\":\"2025-06-30T21:49:00+00:00\",\"mainEntityOfPage\":{\"@id\":\"https:\\\/\\\/armcdh.ma\\\/ar\\\/la-bibliotheque-nationale-du-royaume-accueille-la-13eme-edition-de-la-nuit-blanche-du-cinema-et-des-droits-de-lhomme-le-4-juillet-2025-a-rabat\\\/\"},\"wordCount\":81,\"publisher\":{\"@id\":\"https:\\\/\\\/armcdh.ma\\\/ar\\\/#organization\"},\"image\":{\"@id\":\"https:\\\/\\\/armcdh.ma\\\/ar\\\/la-bibliotheque-nationale-du-royaume-accueille-la-13eme-edition-de-la-nuit-blanche-du-cinema-et-des-droits-de-lhomme-le-4-juillet-2025-a-rabat\\\/#primaryimage\"},\"thumbnailUrl\":\"https:\\\/\\\/armcdh.ma\\\/wp-content\\\/uploads\\\/2025\\\/06\\\/affiche-web.webp\",\"inLanguage\":\"ar\"},{\"@type\":\"WebPage\",\"@id\":\"https:\\\/\\\/armcdh.ma\\\/ar\\\/la-bibliotheque-nationale-du-royaume-accueille-la-13eme-edition-de-la-nuit-blanche-du-cinema-et-des-droits-de-lhomme-le-4-juillet-2025-a-rabat\\\/\",\"url\":\"https:\\\/\\\/armcdh.ma\\\/ar\\\/la-bibliotheque-nationale-du-royaume-accueille-la-13eme-edition-de-la-nuit-blanche-du-cinema-et-des-droits-de-lhomme-le-4-juillet-2025-a-rabat\\\/\",\"name\":\"La biblioth\u00e8que nationale du Royaume accueille la 13\u00e8me \u00e9dition de la nuit blanche du cin\u00e9ma et des droits de l\u2019Homme Le 4 juillet 2025 \u00e0 Rabat - ARMCDH\",\"isPartOf\":{\"@id\":\"https:\\\/\\\/armcdh.ma\\\/ar\\\/#website\"},\"primaryImageOfPage\":{\"@id\":\"https:\\\/\\\/armcdh.ma\\\/ar\\\/la-bibliotheque-nationale-du-royaume-accueille-la-13eme-edition-de-la-nuit-blanche-du-cinema-et-des-droits-de-lhomme-le-4-juillet-2025-a-rabat\\\/#primaryimage\"},\"image\":{\"@id\":\"https:\\\/\\\/armcdh.ma\\\/ar\\\/la-bibliotheque-nationale-du-royaume-accueille-la-13eme-edition-de-la-nuit-blanche-du-cinema-et-des-droits-de-lhomme-le-4-juillet-2025-a-rabat\\\/#primaryimage\"},\"thumbnailUrl\":\"https:\\\/\\\/armcdh.ma\\\/wp-content\\\/uploads\\\/2025\\\/06\\\/affiche-web.webp\",\"datePublished\":\"2025-06-30T21:38:09+00:00\",\"dateModified\":\"2025-06-30T21:49:00+00:00\",\"breadcrumb\":{\"@id\":\"https:\\\/\\\/armcdh.ma\\\/ar\\\/la-bibliotheque-nationale-du-royaume-accueille-la-13eme-edition-de-la-nuit-blanche-du-cinema-et-des-droits-de-lhomme-le-4-juillet-2025-a-rabat\\\/#breadcrumb\"},\"inLanguage\":\"ar\",\"potentialAction\":[{\"@type\":\"ReadAction\",\"target\":[\"https:\\\/\\\/armcdh.ma\\\/ar\\\/la-bibliotheque-nationale-du-royaume-accueille-la-13eme-edition-de-la-nuit-blanche-du-cinema-et-des-droits-de-lhomme-le-4-juillet-2025-a-rabat\\\/\"]}]},{\"@type\":\"ImageObject\",\"inLanguage\":\"ar\",\"@id\":\"https:\\\/\\\/armcdh.ma\\\/ar\\\/la-bibliotheque-nationale-du-royaume-accueille-la-13eme-edition-de-la-nuit-blanche-du-cinema-et-des-droits-de-lhomme-le-4-juillet-2025-a-rabat\\\/#primaryimage\",\"url\":\"https:\\\/\\\/armcdh.ma\\\/wp-content\\\/uploads\\\/2025\\\/06\\\/affiche-web.webp\",\"contentUrl\":\"https:\\\/\\\/armcdh.ma\\\/wp-content\\\/uploads\\\/2025\\\/06\\\/affiche-web.webp\",\"width\":590,\"height\":841},{\"@type\":\"BreadcrumbList\",\"@id\":\"https:\\\/\\\/armcdh.ma\\\/ar\\\/la-bibliotheque-nationale-du-royaume-accueille-la-13eme-edition-de-la-nuit-blanche-du-cinema-et-des-droits-de-lhomme-le-4-juillet-2025-a-rabat\\\/#breadcrumb\",\"itemListElement\":[{\"@type\":\"ListItem\",\"position\":1,\"name\":\"Accueil\",\"item\":\"https:\\\/\\\/armcdh.ma\\\/ar\\\/\"},{\"@type\":\"ListItem\",\"position\":2,\"name\":\"La biblioth\u00e8que nationale du Royaume accueille la 13\u00e8me \u00e9dition de la nuit blanche du cin\u00e9ma et des droits de l\u2019Homme Le 4 juillet 2025 \u00e0 Rabat\"}]},{\"@type\":\"WebSite\",\"@id\":\"https:\\\/\\\/armcdh.ma\\\/ar\\\/#website\",\"url\":\"https:\\\/\\\/armcdh.ma\\\/ar\\\/\",\"name\":\"ARMCDH\",\"description\":\"L\u2019Association des Rencontres M\u00e9diterran\u00e9ennes du Cin\u00e9ma et des droits de l\u2019Homme,\",\"publisher\":{\"@id\":\"https:\\\/\\\/armcdh.ma\\\/ar\\\/#organization\"},\"potentialAction\":[{\"@type\":\"SearchAction\",\"target\":{\"@type\":\"EntryPoint\",\"urlTemplate\":\"https:\\\/\\\/armcdh.ma\\\/ar\\\/?s={search_term_string}\"},\"query-input\":{\"@type\":\"PropertyValueSpecification\",\"valueRequired\":true,\"valueName\":\"search_term_string\"}}],\"inLanguage\":\"ar\"},{\"@type\":\"Organization\",\"@id\":\"https:\\\/\\\/armcdh.ma\\\/ar\\\/#organization\",\"name\":\"ARMCDH : Association des Rencontres M\u00e9diterran\u00e9ennes du Cin\u00e9ma et des droits de l\u2019Homme\",\"url\":\"https:\\\/\\\/armcdh.ma\\\/ar\\\/\",\"logo\":{\"@type\":\"ImageObject\",\"inLanguage\":\"ar\",\"@id\":\"https:\\\/\\\/armcdh.ma\\\/ar\\\/#\\\/schema\\\/logo\\\/image\\\/\",\"url\":\"https:\\\/\\\/armcdh.ma\\\/wp-content\\\/uploads\\\/2021\\\/01\\\/logo-armcdh-noir.png\",\"contentUrl\":\"https:\\\/\\\/armcdh.ma\\\/wp-content\\\/uploads\\\/2021\\\/01\\\/logo-armcdh-noir.png\",\"width\":300,\"height\":94,\"caption\":\"ARMCDH : Association des Rencontres M\u00e9diterran\u00e9ennes du Cin\u00e9ma et des droits de l\u2019Homme\"},\"image\":{\"@id\":\"https:\\\/\\\/armcdh.ma\\\/ar\\\/#\\\/schema\\\/logo\\\/image\\\/\"}},{\"@type\":\"Person\",\"@id\":\"https:\\\/\\\/armcdh.ma\\\/ar\\\/#\\\/schema\\\/person\\\/3a9a3070e671255bd76f1a6a403931c0\",\"name\":\"wpmonitor\",\"image\":{\"@type\":\"ImageObject\",\"inLanguage\":\"ar\",\"@id\":\"https:\\\/\\\/secure.gravatar.com\\\/avatar\\\/b4b3b48ef12c67babf40d6e97553d817442e5e203e8647da3dacc8c643bdce62?s=96&d=mm&r=g\",\"url\":\"https:\\\/\\\/secure.gravatar.com\\\/avatar\\\/b4b3b48ef12c67babf40d6e97553d817442e5e203e8647da3dacc8c643bdce62?s=96&d=mm&r=g\",\"contentUrl\":\"https:\\\/\\\/secure.gravatar.com\\\/avatar\\\/b4b3b48ef12c67babf40d6e97553d817442e5e203e8647da3dacc8c643bdce62?s=96&d=mm&r=g\",\"caption\":\"wpmonitor\"},\"url\":\"https:\\\/\\\/armcdh.ma\\\/ar\\\/author\\\/wpmonitor\\\/\"}]}<\/script>\n<!-- \/ Yoast SEO plugin. -->","yoast_head_json":{"title":"La biblioth\u00e8que nationale du Royaume accueille la 13\u00e8me \u00e9dition de la nuit blanche du cin\u00e9ma et des droits de l\u2019Homme Le 4 juillet 2025 \u00e0 Rabat - ARMCDH","robots":{"index":"index","follow":"follow","max-snippet":"max-snippet:-1","max-image-preview":"max-image-preview:large","max-video-preview":"max-video-preview:-1"},"canonical":"https:\/\/armcdh.ma\/ar\/la-bibliotheque-nationale-du-royaume-accueille-la-13eme-edition-de-la-nuit-blanche-du-cinema-et-des-droits-de-lhomme-le-4-juillet-2025-a-rabat\/","og_locale":"ar_AR","og_type":"article","og_title":"La biblioth\u00e8que nationale du Royaume accueille la 13\u00e8me \u00e9dition de la nuit blanche du cin\u00e9ma et des droits de l\u2019Homme Le 4 juillet 2025 \u00e0 Rabat - ARMCDH","og_description":"[vc_row][vc_column][vc_column_text] \u0628\u0644\u0627\u063a \u0635\u062d\u0641\u064a \u0627\u0644\u0645\u0648\u0627\u0637\u0646\u0629 \u0641\u064a \u0642\u0644\u0628 \u0627\u0644\u062f\u0648\u0631\u0629 13 \u0645\u0646 &#8220;\u0627\u0644\u0644\u064a\u0644\u0629 \u0627\u0644\u0628\u064a\u0636\u0627\u0621 \u0644\u0644\u0633\u064a\u0646\u0645\u0627 \u0648\u062d\u0642\u0648\u0642 \u0627\u0644\u0625\u0646\u0633\u0627\u0646&#8221; \u0627\u0644\u062c\u0645\u0639\u0629 4 \u064a\u0648\u0644\u064a\u0648\u0632 2025 \u0628\u0627\u0644\u0645\u0643\u062a\u0628\u0629 \u0627\u0644\u0648\u0637\u0646\u064a\u0629 \u0644\u0644\u0645\u0645\u0644\u0643\u0629 \u0628\u0627\u0644\u0631\u0628\u0627\u0637 \u062a\u0646\u0638\u0645 \u062c\u0645\u0639\u064a\u0629 \u0627\u0644\u0644\u0642\u0627\u0621\u0627\u062a \u0627\u0644\u0645\u062a\u0648\u0633\u0637\u064a\u0629 \u0644\u0644\u0633\u064a\u0646\u0645\u0627 \u0648\u062d\u0642\u0648\u0642 \u0627\u0644\u0625\u0646\u0633\u0627\u0646 (ARMCDH)\u060c \u064a\u0648\u0645 \u0627\u0644\u062c\u0645\u0639\u0629 4 \u064a\u0648\u0644\u064a\u0648\u0632 2025 \u0628\u0645\u062f\u064a\u0646\u0629 \u0627\u0644\u0631\u0628\u0627\u0637\u060c \u0627\u0644\u062f\u0648\u0631\u0629 \u0627\u0644\u062b\u0627\u0644\u062b\u0629 \u0639\u0634\u0631\u0629 \u0645\u0646 \u062a\u0638\u0627\u0647\u0631\u062a\u0647\u0627 \u0627\u0644\u0633\u0646\u0648\u064a\u0629 &#8220;\u0627\u0644\u0644\u064a\u0644\u0629 \u0627\u0644\u0628\u064a\u0636\u0627\u0621...","og_url":"https:\/\/armcdh.ma\/ar\/la-bibliotheque-nationale-du-royaume-accueille-la-13eme-edition-de-la-nuit-blanche-du-cinema-et-des-droits-de-lhomme-le-4-juillet-2025-a-rabat\/","og_site_name":"ARMCDH","article_published_time":"2025-06-30T21:38:09+00:00","article_modified_time":"2025-06-30T21:49:00+00:00","og_image":[{"width":590,"height":841,"url":"https:\/\/armcdh.ma\/wp-content\/uploads\/2025\/06\/affiche-web.webp","type":"image\/webp"}],"author":"wpmonitor","twitter_card":"summary_large_image","twitter_misc":{"\u0643\u064f\u062a\u0628 \u0628\u0648\u0627\u0633\u0637\u0629":"wpmonitor","\u0648\u0642\u062a \u0627\u0644\u0642\u0631\u0627\u0621\u0629 \u0627\u0644\u0645\u064f\u0642\u062f\u0651\u0631":"3 \u062f\u0642\u0627\u0626\u0642"},"schema":{"@context":"https:\/\/schema.org","@graph":[{"@type":"Article","@id":"https:\/\/armcdh.ma\/ar\/la-bibliotheque-nationale-du-royaume-accueille-la-13eme-edition-de-la-nuit-blanche-du-cinema-et-des-droits-de-lhomme-le-4-juillet-2025-a-rabat\/#article","isPartOf":{"@id":"https:\/\/armcdh.ma\/ar\/la-bibliotheque-nationale-du-royaume-accueille-la-13eme-edition-de-la-nuit-blanche-du-cinema-et-des-droits-de-lhomme-le-4-juillet-2025-a-rabat\/"},"author":{"name":"wpmonitor","@id":"https:\/\/armcdh.ma\/ar\/#\/schema\/person\/3a9a3070e671255bd76f1a6a403931c0"},"headline":"La biblioth\u00e8que nationale du Royaume accueille la 13\u00e8me \u00e9dition de la nuit blanche du cin\u00e9ma et des droits de l\u2019Homme Le 4 juillet 2025 \u00e0 Rabat","datePublished":"2025-06-30T21:38:09+00:00","dateModified":"2025-06-30T21:49:00+00:00","mainEntityOfPage":{"@id":"https:\/\/armcdh.ma\/ar\/la-bibliotheque-nationale-du-royaume-accueille-la-13eme-edition-de-la-nuit-blanche-du-cinema-et-des-droits-de-lhomme-le-4-juillet-2025-a-rabat\/"},"wordCount":81,"publisher":{"@id":"https:\/\/armcdh.ma\/ar\/#organization"},"image":{"@id":"https:\/\/armcdh.ma\/ar\/la-bibliotheque-nationale-du-royaume-accueille-la-13eme-edition-de-la-nuit-blanche-du-cinema-et-des-droits-de-lhomme-le-4-juillet-2025-a-rabat\/#primaryimage"},"thumbnailUrl":"https:\/\/armcdh.ma\/wp-content\/uploads\/2025\/06\/affiche-web.webp","inLanguage":"ar"},{"@type":"WebPage","@id":"https:\/\/armcdh.ma\/ar\/la-bibliotheque-nationale-du-royaume-accueille-la-13eme-edition-de-la-nuit-blanche-du-cinema-et-des-droits-de-lhomme-le-4-juillet-2025-a-rabat\/","url":"https:\/\/armcdh.ma\/ar\/la-bibliotheque-nationale-du-royaume-accueille-la-13eme-edition-de-la-nuit-blanche-du-cinema-et-des-droits-de-lhomme-le-4-juillet-2025-a-rabat\/","name":"La biblioth\u00e8que nationale du Royaume accueille la 13\u00e8me \u00e9dition de la nuit blanche du cin\u00e9ma et des droits de l\u2019Homme Le 4 juillet 2025 \u00e0 Rabat - ARMCDH","isPartOf":{"@id":"https:\/\/armcdh.ma\/ar\/#website"},"primaryImageOfPage":{"@id":"https:\/\/armcdh.ma\/ar\/la-bibliotheque-nationale-du-royaume-accueille-la-13eme-edition-de-la-nuit-blanche-du-cinema-et-des-droits-de-lhomme-le-4-juillet-2025-a-rabat\/#primaryimage"},"image":{"@id":"https:\/\/armcdh.ma\/ar\/la-bibliotheque-nationale-du-royaume-accueille-la-13eme-edition-de-la-nuit-blanche-du-cinema-et-des-droits-de-lhomme-le-4-juillet-2025-a-rabat\/#primaryimage"},"thumbnailUrl":"https:\/\/armcdh.ma\/wp-content\/uploads\/2025\/06\/affiche-web.webp","datePublished":"2025-06-30T21:38:09+00:00","dateModified":"2025-06-30T21:49:00+00:00","breadcrumb":{"@id":"https:\/\/armcdh.ma\/ar\/la-bibliotheque-nationale-du-royaume-accueille-la-13eme-edition-de-la-nuit-blanche-du-cinema-et-des-droits-de-lhomme-le-4-juillet-2025-a-rabat\/#breadcrumb"},"inLanguage":"ar","potentialAction":[{"@type":"ReadAction","target":["https:\/\/armcdh.ma\/ar\/la-bibliotheque-nationale-du-royaume-accueille-la-13eme-edition-de-la-nuit-blanche-du-cinema-et-des-droits-de-lhomme-le-4-juillet-2025-a-rabat\/"]}]},{"@type":"ImageObject","inLanguage":"ar","@id":"https:\/\/armcdh.ma\/ar\/la-bibliotheque-nationale-du-royaume-accueille-la-13eme-edition-de-la-nuit-blanche-du-cinema-et-des-droits-de-lhomme-le-4-juillet-2025-a-rabat\/#primaryimage","url":"https:\/\/armcdh.ma\/wp-content\/uploads\/2025\/06\/affiche-web.webp","contentUrl":"https:\/\/armcdh.ma\/wp-content\/uploads\/2025\/06\/affiche-web.webp","width":590,"height":841},{"@type":"BreadcrumbList","@id":"https:\/\/armcdh.ma\/ar\/la-bibliotheque-nationale-du-royaume-accueille-la-13eme-edition-de-la-nuit-blanche-du-cinema-et-des-droits-de-lhomme-le-4-juillet-2025-a-rabat\/#breadcrumb","itemListElement":[{"@type":"ListItem","position":1,"name":"Accueil","item":"https:\/\/armcdh.ma\/ar\/"},{"@type":"ListItem","position":2,"name":"La biblioth\u00e8que nationale du Royaume accueille la 13\u00e8me \u00e9dition de la nuit blanche du cin\u00e9ma et des droits de l\u2019Homme Le 4 juillet 2025 \u00e0 Rabat"}]},{"@type":"WebSite","@id":"https:\/\/armcdh.ma\/ar\/#website","url":"https:\/\/armcdh.ma\/ar\/","name":"ARMCDH","description":"L\u2019Association des Rencontres M\u00e9diterran\u00e9ennes du Cin\u00e9ma et des droits de l\u2019Homme,","publisher":{"@id":"https:\/\/armcdh.ma\/ar\/#organization"},"potentialAction":[{"@type":"SearchAction","target":{"@type":"EntryPoint","urlTemplate":"https:\/\/armcdh.ma\/ar\/?s={search_term_string}"},"query-input":{"@type":"PropertyValueSpecification","valueRequired":true,"valueName":"search_term_string"}}],"inLanguage":"ar"},{"@type":"Organization","@id":"https:\/\/armcdh.ma\/ar\/#organization","name":"ARMCDH : Association des Rencontres M\u00e9diterran\u00e9ennes du Cin\u00e9ma et des droits de l\u2019Homme","url":"https:\/\/armcdh.ma\/ar\/","logo":{"@type":"ImageObject","inLanguage":"ar","@id":"https:\/\/armcdh.ma\/ar\/#\/schema\/logo\/image\/","url":"https:\/\/armcdh.ma\/wp-content\/uploads\/2021\/01\/logo-armcdh-noir.png","contentUrl":"https:\/\/armcdh.ma\/wp-content\/uploads\/2021\/01\/logo-armcdh-noir.png","width":300,"height":94,"caption":"ARMCDH : Association des Rencontres M\u00e9diterran\u00e9ennes du Cin\u00e9ma et des droits de l\u2019Homme"},"image":{"@id":"https:\/\/armcdh.ma\/ar\/#\/schema\/logo\/image\/"}},{"@type":"Person","@id":"https:\/\/armcdh.ma\/ar\/#\/schema\/person\/3a9a3070e671255bd76f1a6a403931c0","name":"wpmonitor","image":{"@type":"ImageObject","inLanguage":"ar","@id":"https:\/\/secure.gravatar.com\/avatar\/b4b3b48ef12c67babf40d6e97553d817442e5e203e8647da3dacc8c643bdce62?s=96&d=mm&r=g","url":"https:\/\/secure.gravatar.com\/avatar\/b4b3b48ef12c67babf40d6e97553d817442e5e203e8647da3dacc8c643bdce62?s=96&d=mm&r=g","contentUrl":"https:\/\/secure.gravatar.com\/avatar\/b4b3b48ef12c67babf40d6e97553d817442e5e203e8647da3dacc8c643bdce62?s=96&d=mm&r=g","caption":"wpmonitor"},"url":"https:\/\/armcdh.ma\/ar\/author\/wpmonitor\/"}]}},"_links":{"self":[{"href":"https:\/\/armcdh.ma\/ar\/wp-json\/wp\/v2\/posts\/12172","targetHints":{"allow":["GET"]}}],"collection":[{"href":"https:\/\/armcdh.ma\/ar\/wp-json\/wp\/v2\/posts"}],"about":[{"href":"https:\/\/armcdh.ma\/ar\/wp-json\/wp\/v2\/types\/post"}],"author":[{"embeddable":true,"href":"https:\/\/armcdh.ma\/ar\/wp-json\/wp\/v2\/users\/2"}],"replies":[{"embeddable":true,"href":"https:\/\/armcdh.ma\/ar\/wp-json\/wp\/v2\/comments?post=12172"}],"version-history":[{"count":0,"href":"https:\/\/armcdh.ma\/ar\/wp-json\/wp\/v2\/posts\/12172\/revisions"}],"wp:featuredmedia":[{"embeddable":true,"href":"https:\/\/armcdh.ma\/ar\/wp-json\/wp\/v2\/media\/12129"}],"wp:attachment":[{"href":"https:\/\/armcdh.ma\/ar\/wp-json\/wp\/v2\/media?parent=12172"}],"wp:term":[{"taxonomy":"category","embeddable":true,"href":"https:\/\/armcdh.ma\/ar\/wp-json\/wp\/v2\/categories?post=12172"},{"taxonomy":"post_tag","embeddable":true,"href":"https:\/\/armcdh.ma\/ar\/wp-json\/wp\/v2\/tags?post=12172"}],"curies":[{"name":"wp","href":"https:\/\/api.w.org\/{rel}","templated":true}]}}